{"id":9367,"date":"2025-02-05T13:05:53","date_gmt":"2025-02-05T10:05:53","guid":{"rendered":"https:\/\/belarus.fm\/?p=9367"},"modified":"2025-09-20T20:28:27","modified_gmt":"2025-09-20T17:28:27","slug":"but-2","status":"publish","type":"post","link":"https:\/\/belarus.fm\/pl\/im-not-a-feminist\/but-2\/","title":{"rendered":"\u201eTo b\u0119dzie twoja odpowiedzialno\u015b\u0107, kochanie!\u201d. Mity, w kt\u00f3re wierzymy od dzieci\u0144stwa"},"content":{"rendered":"\n<div class=\"podcastplayer\"><figure class=\"wp-block-audio podcastplayer\"><audio controls src=\"https:\/\/anchor.fm\/s\/1000c70c8\/podcast\/play\/97990578\/https%3A%2F%2Fd3ctxlq1ktw2nl.cloudfront.net%2Fstaging%2F2025-1-4%2F394245469-44100-2-e22ecc4986f8b.m4a\" preload=\"none\"><\/audio><\/figure><\/div>\n\n\n<h5 class=\"wp-block-heading\"><span class=\"mks_dropcap_letter\" style=\"font-size: 72px; color: #dd3c7a; \">J<\/span>eden z \u201eulubionych\u201d temat\u00f3w kobiet &#8211; nieodp\u0142atna praca domowa lub tak zwane obowi\u0105zki kobiet &#8211; jest g\u0142\u00f3wnym tematem drugiego odcinka podcastu.<\/h5>\n\n\n\n<p>Dlaczego nie jest dobrze, je\u015bli m\u0105\u017c pomaga w domu? I dlaczego prace domowe powinny by\u0107 dzielone, a nie wykonywane przez kobiety? Co dzia\u0142o si\u0119 w dawnych dobrych czasach i co pokazuj\u0105 nowe wykopaliska archeologiczne i badania? O drugiej zmianie s\u0142yszeli\u015bmy wszyscy, ale co z trzeci\u0105? Jak spokojnie przekaza\u0107 cz\u0119\u015b\u0107 obowi\u0105zk\u00f3w partnerowi bez poczucia wstydu?<\/p>\n\n\n\n<p>Pos\u0142uchaj tego i wi\u0119cej w drugim odcinku podcastu\u2026<\/p>\n\n\n\n<p>W nast\u0119pnym odcinku postaram si\u0119 odnie\u015b\u0107 do statystyk, koszt\u00f3w pracy domowej i przej\u015b\u0107 do strategii dzielenia si\u0119 pracami domowymi w praktyce. Opowiem o moich osobistych do\u015bwiadczeniach i przedstawi\u0119 list\u0119 kontroln\u0105 do samodzielnego sprawdzenia.<\/p>\n\n\n\n<p>Je\u015bli chcesz si\u0119 z nami skontaktowa\u0107, ale boisz si\u0119 u\u017cywa\u0107 komentarzy, mo\u017cesz wys\u0142a\u0107 do nas list e-mail. Nast\u0119pnie wystarczy usun\u0105\u0107 list z folderu \u201eWys\u0142ane\u201d.<br>Nasz adres e-mail to: <a href=\"mailto:help@belarus.fm\" target=\"_blank\" rel=\"noreferrer noopener nofollow\">help@belarus.fm<\/a><\/p>\n","protected":false},"excerpt":{"rendered":"<p>Dlaczego nie jest dobrze, je\u015bli m\u0105\u017c pomaga w domu? I dlaczego prace domowe powinny by\u0107 dzielone, a nie wykonywane przez kobiety? Co dzia\u0142o si\u0119 w dawnych dobrych czasach i co pokazuj\u0105 nowe wykopaliska archeologiczne i badania? O drugiej zmianie s\u0142yszeli\u015bmy wszyscy, ale co z trzeci\u0105? Jak spokojnie przekaza\u0107 cz\u0119\u015b\u0107 obowi\u0105zk\u00f3w partnerowi bez poczucia wstydu? Pos\u0142uchaj [&hellip;]<\/p>\n","protected":false},"author":9,"featured_media":9338,"comment_status":"closed","ping_status":"closed","sticky":false,"template":"","format":"standard","meta":{"footnotes":""},"categories":[383],"tags":[350],"class_list":["post-9367","post","type-post","status-publish","format-standard","has-post-thumbnail","hentry","category-im-not-a-feminist","tag-audio-in-russian"],"_links":{"self":[{"href":"https:\/\/belarus.fm\/pl\/wp-json\/wp\/v2\/posts\/9367","targetHints":{"allow":["GET"]}}],"collection":[{"href":"https:\/\/belarus.fm\/pl\/wp-json\/wp\/v2\/posts"}],"about":[{"href":"https:\/\/belarus.fm\/pl\/wp-json\/wp\/v2\/types\/post"}],"author":[{"embeddable":true,"href":"https:\/\/belarus.fm\/pl\/wp-json\/wp\/v2\/users\/9"}],"replies":[{"embeddable":true,"href":"https:\/\/belarus.fm\/pl\/wp-json\/wp\/v2\/comments?post=9367"}],"version-history":[{"count":0,"href":"https:\/\/belarus.fm\/pl\/wp-json\/wp\/v2\/posts\/9367\/revisions"}],"wp:featuredmedia":[{"embeddable":true,"href":"https:\/\/belarus.fm\/pl\/wp-json\/wp\/v2\/media\/9338"}],"wp:attachment":[{"href":"https:\/\/belarus.fm\/pl\/wp-json\/wp\/v2\/media?parent=9367"}],"wp:term":[{"taxonomy":"category","embeddable":true,"href":"https:\/\/belarus.fm\/pl\/wp-json\/wp\/v2\/categories?post=9367"},{"taxonomy":"post_tag","embeddable":true,"href":"https:\/\/belarus.fm\/pl\/wp-json\/wp\/v2\/tags?post=9367"}],"curies":[{"name":"wp","href":"https:\/\/api.w.org\/{rel}","templated":true}]}}