{"id":6584,"date":"2022-09-26T21:50:13","date_gmt":"2022-09-26T18:50:13","guid":{"rendered":"https:\/\/belarus.fm\/tekstai\/%d1%80%d1%8d%d0%bb%d1%96%d0%b7-1\/"},"modified":"2025-10-07T22:28:02","modified_gmt":"2025-10-07T19:28:02","slug":"release-1","status":"publish","type":"post","link":"https:\/\/belarus.fm\/lt\/hells-bells\/release-1\/","title":{"rendered":"T\u0117vai sunerim\u0119: Jie bus ver\u010diami \u0161vaistyti pinigus u\u017e vienod\u0105 uniform\u0105. Mokyklos u\u017edaromos"},"content":{"rendered":"\n<div class=\"podcastplayer\"><figure class=\"wp-block-audio podcastplayer\"><audio controls src=\"https:\/\/anchor.fm\/s\/bbdddc84\/podcast\/play\/58161345\/https%3A%2F%2Fd3ctxlq1ktw2nl.cloudfront.net%2Fstaging%2F2022-8-27%2F287911763-44100-2-22c8b3a5052.m4a\" preload=\"none\"><\/audio><\/figure><\/div>\n\n\n<h5 class=\"wp-block-heading\"><span class=\"mks_dropcap_letter\" style=\"font-size: 72px; color: #dd3c7a; \">\u0160<\/span>vietimo ministras Andrejus Ivanecas pateik\u0117 savo komentar\u0105 televizijos kanalui \u201eBelarus 1\u201c, kuriame band\u0117 paai\u0161kinti, kod\u0117l reikia \u012fgyvendinti nauj\u0105 mokyklin\u0117s uniformos standart\u0105. Dabar moksleiviai turi d\u0117v\u0117ti bendrojo lavinimo \u012fstaigos emblem\u0105. Vadinasi, prie standartini\u0173 mokes\u010di\u0173 bus prid\u0117tas dar vienas. Lieka tik klausimai: kiek \u0161is elementas kainuos ir kaip da\u017enai j\u012f reik\u0117s pirkti.<\/h5>\n\n\n\n<blockquote class=\"wp-block-quote is-layout-flow wp-block-quote-is-layout-flow\">\n<p>\u201eIki 2022 m. rugpj\u016b\u010dio kiekviena m\u016bs\u0173 \u0161alies mokykla jau buvo apsisprendusi d\u0117l vieno mokyklin\u0117s uniformos elemento, kur\u012f \u012fves. Visas rugpj\u016btis prie\u0161akyje \u2500 yra galimyb\u0117 j\u0105 \u012fsigyti ir visi\u0161kai nesukelti r\u016bpes\u010di\u0173 rengiant vaik\u0105. Niekas nesiruo\u0161ia aprengti moksleivi\u0173 vienodomis uniformomis: kiekviena mokykla gali ir turi tur\u0117ti savo mokyklin\u0119 uniform\u0105\u201c, &#8211; sak\u0117 ministras.<\/p>\n<\/blockquote>\n\n\n\n<p>Savo skaitytoj\u0173 klaus\u0117me, kok\u012f emblemos format\u0105 pasirinko j\u0173 mokyklos, kiek u\u017e j\u0105 teko mok\u0117ti ir, svarbiausia, kokios kokyb\u0117s ji buvo. Paai\u0161k\u0117jo, kad da\u017eniausias pasirinkimas buvo \u017eenkliukas.<\/p>\n\n\n\n<p>Nepaisant skirtingo dyd\u017eio (nuo 2 iki 5 cm), visi jie kainuoja vienodai &#8211; 2 rublius. T\u0117vai atkreip\u0117 d\u0117mes\u012f, kad \u017eenklelis yra gana trapus ir d\u0117l silpno u\u017esegimo arba greitai sul\u016b\u017eta, arba papras\u010diausiai pasimeta.<\/p>\n\n\n\n<blockquote class=\"wp-block-quote is-layout-flow wp-block-quote-is-layout-flow\">\n<p>\u201eSusitikime klas\u0117s aukl\u0117toja pasak\u0117, kad nema\u017eai vaik\u0173 \u017eenkliuk\u0173 yra sul\u016b\u017e\u0119 \u2500 reikia u\u017esakyti naujus. Daugelis \u017emoni\u0173 u\u017esisak\u0117 po kelis vienetus, kad juos pakeist\u0173. Ai\u0161k\u0117ja, kokios jie kokyb\u0117s\u201c, \u2500 dalijasi t\u0117vai.<\/p>\n<\/blockquote>\n\n\n\n<p class=\"has-text-align-left\">Mums buvo \u012fdomu, ar tikrai vienas \u017eenkliukas kainuoja 2 rublius perkant urmu. Po trumpos paie\u0161kos internete radome <a href=\"https:\/\/deal.by\/p116263201-izgotovlenie-metallicheskih-znachkov.html\" target=\"_blank\" rel=\"noreferrer noopener\">pigesn\u012f variant\u0105<\/a>.<\/p>\n\n\n\n<p>Apskai\u010diuokime, kiek \u017eenkliuk\u0173 reikia nupirkti s\u0105lyginei mokyklai N. Apskai\u010diuokime mokini\u0173 skai\u010di\u0173. Tarkime, kad m\u016bs\u0173 mokykla atitinka Baltarusijos Respublikos \u0161vietimo kodekso 158 straipsnio reikalavimus, t. y. 13 dal\u012f: nuo 1 iki 4 klas\u0117s mokini\u0173 skai\u010dius neturi vir\u0161yti 20 \u017emoni\u0173, o nuo 5 iki 11 klas\u0117s \u2500 25 \u017emoni\u0173. Vadinasi, m\u016bs\u0173 mokykloje trijose paralelin\u0117se klas\u0117se mokosi <strong>765 mokiniai<\/strong>. Kadangi daugelis t\u0117v\u0173 u\u017esako po kelis \u017eenkliukus, tegul t\u0117vai u\u017esako po du \u017eenkliukus jaunesn\u0117ms klas\u0117ms. I\u0161 viso: m\u016bs\u0173 mokykla N turi nupirkti <strong>1005 \u017eenkliukus<\/strong>.<\/p>\n\n\n\n<p>Pagal t\u0105 kainora\u0161t\u012f, priklausomai nuo dyd\u017eio, vienas \u017eenkliukas kainuos <strong>nuo 1 iki 1,30 rublio<\/strong>, bet ne <strong>2 rublius<\/strong>. Neatitikimas bus <strong>nuo 703,5 iki 1005 rubli\u0173<\/strong> u\u017e 1005 vienetus. Tai \u0161iek tiek brangu, jei tai mar\u017ea, kuri\u0105 reikia sumok\u0117ti u\u017e pristatym\u0105, turint omenyje, kad Minske toks u\u017esakymas mums b\u016bt\u0173 pristatytas nemokamai.<\/p>\n\n\n\n<blockquote class=\"wp-block-quote is-layout-flow wp-block-quote-is-layout-flow\">\n<p>Kyla klausimas: kod\u0117l taip yra? Ar mokyklos bando \u201eu\u017esidirbti\u201c taip pat, kaip <a href=\"https:\/\/news.house\/lt\/53545\" target=\"_blank\" rel=\"noreferrer noopener\">pareig\u016bnai band\u0117 u\u017esidirbti i\u0161 Baltarusijos kari\u0173 k\u016bn\u0173 mai\u0161\u0173<\/a>?<\/p>\n<\/blockquote>\n\n\n\n<p>Ta\u010diau jei viskas daugiau ar ma\u017eiau ai\u0161ku d\u0117l \u017eenkliuk\u0173, yra mokykl\u0173, kuriose emblema naudojama kaklarai\u0161\u010diams ir juostel\u0117ms. Ta\u010diau kaklarai\u0161\u010dio kaina gali labai skirtis: kai kurie t\u0117vai sak\u0117, kad kaina <strong>13 rubli\u0173<\/strong>, o ka\u017ekur ji siek\u0117 <strong>17 rubli\u0173<\/strong>. \u201e<em>Kokyb\u0117 prasta \u2500 grei\u010diausiai per 4 m\u0117nesius jis praras savo i\u0161vaizd\u0105<\/em>\u201c, \u2500 daro i\u0161vad\u0105 t\u0117vai.<\/p>\n\n\n\n<p>Taip pat nusprend\u0117me paie\u0161koti kaklarai\u0161\u010di\u0173 kainos ir radome <a href=\"https:\/\/vau.by\/index.php\" target=\"_blank\" rel=\"noreferrer noopener\">pasi\u016blym\u0105 mokykloms<\/a>: kaklarai\u0161\u010diai su logotipu berniukams kainuoja <strong>10,90 rubli\u0173<\/strong>, o mergait\u0117ms &#8211; <strong>12,50 rubli\u0173<\/strong>.<\/p>\n\n\n\n<blockquote class=\"wp-block-quote is-layout-flow wp-block-quote-is-layout-flow\">\n<p>Dar viena l\u0117\u0161\u0173 rinkimo akcija nereikalingam, nekokybi\u0161kam ir brangiam uniformos elementui. Vis dar neai\u0161ku, kam apskritai reik\u0117jo \u0161ios \u201enaujov\u0117s\u201c. Be to, d\u0117l prastos kokyb\u0117s t\u0117vai priversti pirkti ne vien\u0105, o kartais net ne du egzempliorius. Ir gali b\u016bti, kad po met\u0173 ar dvej\u0173 \u0161\u012f pirkin\u012f teks pakartoti u\u017e didesn\u0119 kain\u0105. Galb\u016bt kai kuriems mokiniams pasisek\u0117 labiau ir jie gavo kokybi\u0161kesnius \u017eenkliukus, kaklarai\u0161\u010dius ir juosteles.<\/p>\n<\/blockquote>\n\n\n\n<hr class=\"wp-block-separator has-alpha-channel-opacity is-style-wide\"\/>\n\n\n<h5 class=\"wp-block-heading\"><span class=\"mks_dropcap_letter\" style=\"font-size: 72px; color: #dd3c7a; \">T<\/span>autini\u0173 ma\u017eum\u0173 mokykl\u0173 u\u017edarymas Baltarusijoje kelia didel\u0119 gr\u0117sm\u0119 visai visuomenei. Vaikai paver\u010diami vergais, kurie tiesiog vykdys \u012fsakymus.<\/h5>\n\n\n\n<p><strong>Sustabdykite fa\u0161izm\u0105 ir genocid\u0105, kurie jau priart\u0117jo prie jauniausi\u0173 Baltarusijos pilie\u010di\u0173!<\/strong> Taip buvo raginama protestuoti prie\u0161 nacionalini\u0173 mokykl\u0173 u\u017edarym\u0105 Baltarusijoje ir pagrindin\u0117s teis\u0117s mokytis gimt\u0105ja kalba at\u0117mim\u0105 i\u0161 baltarusi\u0173 vaik\u0173. Miting\u0105 inicijavo TPIC \u201eM\u016bs\u0173 namai\u201c ir Vilniaus baltarusi\u0173 diaspora. Atsiliep\u0117 ir dalyvavo Lietuvos ir Lenkijos politikai ir visuomen\u0117s veik\u0117jai, ukrainie\u010di\u0173 diasporos atstovai, u\u017edar\u0173 lietuvi\u0161k\u0173 ir lenki\u0161k\u0173 mokykl\u0173 Baltarusijoje mokytojai.<\/p>\n\n\n\n<p>\u201e\u0160imtus met\u0173 baltarusiai ir lietuviai Baltarusijoje gyveno kartu, buvo i\u0161laikytos nacionalin\u0117s kalbos ir europieti\u0161kas \u0161vietimas. Nuo \u0161i\u0173 mokslo met\u0173 prad\u017eios \u012fsigaliojo luka\u0161enkos \u012fsakas mokyklose mokyti tik rus\u0173 \/ baltarusi\u0173 kalba. Iki 2022 m. rugs\u0117jo Baltarusijoje veik\u0117 bent dvi mokyklos lietuvi\u0173 kalba ir dvi mokyklos lenk\u0173 kalba, o dabar j\u0173 neliko n\u0117 vienos\u201c, &#8211; sak\u0117 politikas ir visuomen\u0117s veik\u0117jas, Lietuvos Respublikos Auk\u0161\u010diausiosios Tarybos-Atkuriamojo Seimo narys, Lietuvos Respublikos Seimo narys, Europos Tarybos Parlamentin\u0117s Asambl\u0117jos U\u017esienio reikal\u0173 komiteto narys, specialusis prane\u0161\u0117jas Baltarusijos klausimais <strong>Emanuelis Zingeris<\/strong>. \u201eKas tai yra, jei ne fa\u0161izmas, kai \u017emon\u0117s engiami d\u0117l j\u0173 tautin\u0117s priklausomyb\u0117s!\u201c<\/p>\n\n\n\n<p>Be to, kaip pabr\u0117\u017e\u0117 politikas, baltarusi\u0173 kalbos mokymas Baltarusijoje suma\u017eintas iki nulio. Devintojo de\u0161imtme\u010dio viduryje baltarusi\u0173 kalba mok\u0117 58 proc. mokykl\u0173, o 2022 m. mokykl\u0173 baltarusi\u0173 kalba skai\u010dius atitiks ma\u017edaug 2 proc. \u201eTai tikra katastrofa, nes jie tai pakei\u010dia rusakalbi\u0173 \u0161vietimu lydima \u201arus\u0173 pasaulio\u2018 ideologijos. Vyksta vaik\u0173 zombinimas, primetant jiems neapykantos kupinas id\u0117jas. Ir mes negalime stov\u0117ti nuo\u0161alyje, turime kovoti u\u017e kiekvien\u0105 Baltarusijos vaik\u0105\u201c.<\/p>\n\n\n\n<blockquote class=\"wp-block-quote is-layout-flow wp-block-quote-is-layout-flow\">\n<p>Seimas pareng\u0117 Emanuelio Zingerio rezoliucij\u0105 prie\u0161 vietini\u0173 gyventoj\u0173 grupi\u0173, turin\u010di\u0173 teis\u0119 mokytis gimt\u0105ja kalba, persekiojim\u0105. Dokumentas artimiausiomis dienomis bus svarstomas Lietuvos Respublikos Seime.<\/p>\n<\/blockquote>\n\n\n\n<p>\u201eMes sveikiname \u0161i\u0105 rezoliucij\u0105 kaip param\u0105 ir kaip Lietuvos politik\u0173 solidarumo su Baltarusijos vaikais akt\u0105\u201c, &#8211; sak\u0117 Olga Karach, Baltarusijos politik\u0117, visuomen\u0117s veik\u0117ja, \u017emogaus teisi\u0173 aktyvist\u0117, Baltarusijos \u017emogaus teisi\u0173 organizacijos &#8222;M\u016bs\u0173 namai&#8221; direktor\u0117. \u201e\u0160iandien Baltarusijoje naikinama bet kokia nacionalin\u0117 kult\u016bra, i\u0161skyrus rusi\u0161k\u0105j\u0105. luka\u0161enka nori i\u0161ugdyti baltarusi\u0173 kart\u0105, kuri bus u\u017enuodyta \u201arus\u0173 pasaulio\u2018 propaganda ir lengvai gali b\u016bti panaudota bet kokiems i\u0161puoliams prie\u0161 kaimynines \u0161alis &#8211; Lietuv\u0105, Lenkij\u0105, Ukrain\u0105, Latvij\u0105\u201c.<\/p>\n\n\n\n<p>Olgos Karach teigimu, Baltarusijos re\u017eimo veiksmai, kuriais pa\u017eeid\u017eiamos jaun\u0173 Baltarusijos pilie\u010di\u0173 teis\u0117s, tur\u0117t\u0173 tapti atskiru skyriumi tarptautiniuose teismo pos\u0117d\u017eiuose d\u0117l luka\u0161enkos nusikalstam\u0173 veik\u0173. \u201eMums reikia tarptautin\u0117s bendruomen\u0117s reakcijos. Mums reikia Europos Parlamento, JTO, ESBO, PACE rezoliucijos. Taip pat b\u016btina kurti internetines mokyklas, kad vaikai gal\u0117t\u0173 t\u0119sti mokslus lietuvi\u0173, lenk\u0173, ukrainie\u010di\u0173 ir baltarusi\u0173 kalbomis. \u0160iuo metu vaikams nesuteikiama teis\u0117 pasirinkti mokymo kalb\u0105, i\u0161 j\u0173 atimta galimyb\u0117 pasirinkti kalb\u0105, kuria jie kalba namuose. D\u0117l \u0161ios prie\u017easties tokiems jauniesiems pilie\u010diams reikalinga visapusi\u0161ka parama\u201c.<\/p>\n\n\n\n<p>Olga Karach taip pat pabr\u0117\u017e\u0117, kad nacionalini\u0173 mokykl\u0173 (lenk\u0173, lietuvi\u0173, ukrainie\u010di\u0173) u\u017edarymas yra ledkalnio vir\u0161\u016bn\u0117. \u201eToliau seka Baltarusijos vaik\u0173 militarizavimas, j\u0173 indoktrinavimas, siekiant gauti \u201arus\u0173 pasaulio\u2018 pasek\u0117j\u0173 be joki\u0173 barjer\u0173 ir moralini\u0173 gairi\u0173. \u0160iandien protestuojame prie\u0161 lietuvi\u0161k\u0173, lenki\u0161k\u0173 ir ukrainieti\u0161k\u0173 mokykl\u0173 Baltarusijoje u\u017edarym\u0105, staig\u0173 ir katastrofi\u0161k\u0105 mokykl\u0173 su baltarusi\u0173 d\u0117stom\u0105ja kalba skai\u010diaus ma\u017einim\u0105, baltarusi\u0173 vaik\u0173 teis\u0117s mokytis gimt\u0105ja kalba at\u0117mim\u0105. \u0160i akcija yra tik prad\u017eia, pirmas \u017eingsnis\u201c.<\/p>\n\n\n\n<p><strong>\u201eM\u016bs\u0173 namai\u201c planuoja sisteming\u0105 kampanij\u0105, kuria siekiama atkreipti d\u0117mes\u012f \u012f jaun\u0173 Baltarusijos pilie\u010di\u0173 pad\u0117t\u012f.<\/strong><\/p>\n","protected":false},"excerpt":{"rendered":"<p>\u201eIki 2022 m. rugpj\u016b\u010dio kiekviena m\u016bs\u0173 \u0161alies mokykla jau buvo apsisprendusi d\u0117l vieno mokyklin\u0117s uniformos elemento, kur\u012f \u012fves. Visas rugpj\u016btis prie\u0161akyje \u2500 yra galimyb\u0117 j\u0105 \u012fsigyti ir visi\u0161kai nesukelti r\u016bpes\u010di\u0173 rengiant vaik\u0105. Niekas nesiruo\u0161ia aprengti moksleivi\u0173 vienodomis uniformomis: kiekviena mokykla gali ir turi tur\u0117ti savo mokyklin\u0119 uniform\u0105\u201c, &#8211; sak\u0117 ministras. Savo skaitytoj\u0173 klaus\u0117me, kok\u012f emblemos [&hellip;]<\/p>\n","protected":false},"author":4,"featured_media":11923,"comment_status":"closed","ping_status":"closed","sticky":false,"template":"","format":"standard","meta":{"footnotes":""},"categories":[366],"tags":[351],"class_list":["post-6584","post","type-post","status-publish","format-standard","has-post-thumbnail","hentry","category-hells-bells","tag-audio-in-russian"],"_links":{"self":[{"href":"https:\/\/belarus.fm\/lt\/wp-json\/wp\/v2\/posts\/6584","targetHints":{"allow":["GET"]}}],"collection":[{"href":"https:\/\/belarus.fm\/lt\/wp-json\/wp\/v2\/posts"}],"about":[{"href":"https:\/\/belarus.fm\/lt\/wp-json\/wp\/v2\/types\/post"}],"author":[{"embeddable":true,"href":"https:\/\/belarus.fm\/lt\/wp-json\/wp\/v2\/users\/4"}],"replies":[{"embeddable":true,"href":"https:\/\/belarus.fm\/lt\/wp-json\/wp\/v2\/comments?post=6584"}],"version-history":[{"count":0,"href":"https:\/\/belarus.fm\/lt\/wp-json\/wp\/v2\/posts\/6584\/revisions"}],"wp:featuredmedia":[{"embeddable":true,"href":"https:\/\/belarus.fm\/lt\/wp-json\/wp\/v2\/media\/11923"}],"wp:attachment":[{"href":"https:\/\/belarus.fm\/lt\/wp-json\/wp\/v2\/media?parent=6584"}],"wp:term":[{"taxonomy":"category","embeddable":true,"href":"https:\/\/belarus.fm\/lt\/wp-json\/wp\/v2\/categories?post=6584"},{"taxonomy":"post_tag","embeddable":true,"href":"https:\/\/belarus.fm\/lt\/wp-json\/wp\/v2\/tags?post=6584"}],"curies":[{"name":"wp","href":"https:\/\/api.w.org\/{rel}","templated":true}]}}